{"id":3465,"date":"2013-07-08T09:37:13","date_gmt":"2013-07-08T07:37:13","guid":{"rendered":"https:\/\/www.kliux.com\/?p=3465"},"modified":"2013-07-08T09:37:13","modified_gmt":"2013-07-08T07:37:13","slug":"entrevista-en-radio-exterior-de-espana","status":"publish","type":"post","link":"https:\/\/www.kliux.com\/en\/2013\/07\/08\/entrevista-en-radio-exterior-de-espana\/","title":{"rendered":"Interview on Eureka. Radio Exterior de Espa\u00f1a"},"content":{"rendered":"<p><\/p>\n<p style=\"text-align: left;\">Eureka is a program by Radio Nacional de Espa\u00f1a-Radio Exterior.  The broadcast of the July 1 was focused on an interview with our CEO, I\u00f1aki Eguiz\u00e1bal. Here you can know about our latest events and news.<\/p>\n<p style=\"text-align: left;\"><a href=\"http:\/\/www.rtve.es\/alacarta\/audios\/eureka\/eureka-aerogenerador-eje-vertical-01-07-13\/1913974\/\" target=\"_blank\">http:\/\/www.rtve.es\/alacarta\/audios\/eureka\/eureka-aerogenerador-eje-vertical-01-07-13\/1913974\/<\/a><\/p>\n<p>(Spanish)<\/p>","protected":false},"excerpt":{"rendered":"<p>Eureka is a program by Radio Nacional de Espa\u00f1a-Radio Exterior. The broadcast of the July 1 was focused on an interview with our CEO, I\u00f1aki Eguiz\u00e1bal. Here you can know about our latest events and news. http:\/\/www.rtve.es\/alacarta\/audios\/eureka\/eureka-aerogenerador-eje-vertical-01-07-13\/1913974\/ (Spanish)<\/p>\n","protected":false},"author":1,"featured_media":0,"comment_status":"closed","ping_status":"closed","sticky":false,"template":"","format":"standard","meta":{"inline_featured_image":false,"_monsterinsights_skip_tracking":false,"_monsterinsights_sitenote_active":false,"_monsterinsights_sitenote_note":"","_monsterinsights_sitenote_category":0,"_kadence_starter_templates_imported_post":false,"footnotes":""},"categories":[1],"tags":[],"_links":{"self":[{"href":"https:\/\/www.kliux.com\/en\/wp-json\/wp\/v2\/posts\/3465"}],"collection":[{"href":"https:\/\/www.kliux.com\/en\/wp-json\/wp\/v2\/posts"}],"about":[{"href":"https:\/\/www.kliux.com\/en\/wp-json\/wp\/v2\/types\/post"}],"author":[{"embeddable":true,"href":"https:\/\/www.kliux.com\/en\/wp-json\/wp\/v2\/users\/1"}],"replies":[{"embeddable":true,"href":"https:\/\/www.kliux.com\/en\/wp-json\/wp\/v2\/comments?post=3465"}],"version-history":[{"count":19,"href":"https:\/\/www.kliux.com\/en\/wp-json\/wp\/v2\/posts\/3465\/revisions"}],"predecessor-version":[{"id":3485,"href":"https:\/\/www.kliux.com\/en\/wp-json\/wp\/v2\/posts\/3465\/revisions\/3485"}],"wp:attachment":[{"href":"https:\/\/www.kliux.com\/en\/wp-json\/wp\/v2\/media?parent=3465"}],"wp:term":[{"taxonomy":"category","embeddable":true,"href":"https:\/\/www.kliux.com\/en\/wp-json\/wp\/v2\/categories?post=3465"},{"taxonomy":"post_tag","embeddable":true,"href":"https:\/\/www.kliux.com\/en\/wp-json\/wp\/v2\/tags?post=3465"}],"curies":[{"name":"wp","href":"https:\/\/api.w.org\/{rel}","templated":true}]}}