{"id":2873,"date":"2013-02-07T13:22:32","date_gmt":"2013-02-07T11:22:32","guid":{"rendered":"https:\/\/www.kliux.com\/?p=2873"},"modified":"2013-02-07T13:22:32","modified_gmt":"2013-02-07T11:22:32","slug":"inaki-eguizabal-presidente-de-kliux-energies-defiende-la-minieolica-como-solucion-clave-para-el-autoconsumo-en-zonas-residenciales","status":"publish","type":"post","link":"https:\/\/www.kliux.com\/en\/2013\/02\/07\/inaki-eguizabal-presidente-de-kliux-energies-defiende-la-minieolica-como-solucion-clave-para-el-autoconsumo-en-zonas-residenciales\/","title":{"rendered":"I\u00f1aki Eguiz\u00e1bal, defends the small wind as a key solution for consumption in residential areas."},"content":{"rendered":"<p><\/p>\n<p style=\"text-align: left;\">The Journey of <strong>&#8220;Subsistence: a business model for renewable&#8221;<\/strong>, organized by <a title=\"Energ\u00e9tica XXI\" href=\"http:\/\/www.energetica21.com\/conferencias\/autoconsumo-un-modelo-de-negocio-para-las-renovables\" target=\"_blank\">Energ\u00e9tica XXI<\/a> has taken place in Barcelona, at the headquarters of the Association Secartys. I\u00f1aki Eguiz\u00e1bal has defended the filing <strong>&#8220;VAWT:  the ideal solution for home consumption in residential areas&#8221;<\/strong> within the talks centered small wind industry that have been developed over the February 7.<br \/>\n<img loading=\"lazy\" decoding=\"async\" class=\"size-full wp-image-2874 aligncenter\" title=\"inaki_kliux_ponencia\" src=\"https:\/\/www.kliux.com\/wp-content\/uploads\/2013\/02\/inaki_kliux_ponencia.jpg\" alt=\"\" width=\"373\" height=\"229\" srcset=\"https:\/\/www.kliux.com\/wp-content\/uploads\/2013\/02\/inaki_kliux_ponencia.jpg 373w, https:\/\/www.kliux.com\/wp-content\/uploads\/2013\/02\/inaki_kliux_ponencia-300x184.jpg 300w\" sizes=\"(max-width: 373px) 100vw, 373px\" \/><\/p>\n<p>The <strong>main argument<\/strong> of the filing, is based on the main <strong>advantages of our products<\/strong>, specially designed for residential areas:<\/p>\n<ul>\n<li>Lack of noise (32.6 dBA at 10 m distance).<\/li>\n<li>Quick and easy installation.\u00a0Minimal maintenance.<\/li>\n<li>Perfect Visual Integration in urban and rural locations.<\/li>\n<\/ul>\n<p>If you want to learn more about the advantages of our products, <a title=\"Learn more about Kliux's products\" href=\"https:\/\/www.kliux.com\/en\/productos\/\">visit our web section<\/a>.<\/p>","protected":false},"excerpt":{"rendered":"<p>The Journey of &#8220;Subsistence: a business model for renewable&#8221;, organized by Energ\u00e9tica XXI has taken place in Barcelona, at the headquarters of the Association Secartys. I\u00f1aki Eguiz\u00e1bal has defended the filing &#8220;VAWT: the ideal solution for home consumption in residential areas&#8221; within the talks centered small wind industry that have been developed over the February&#8230;<\/p>\n","protected":false},"author":1,"featured_media":0,"comment_status":"closed","ping_status":"closed","sticky":false,"template":"","format":"standard","meta":{"inline_featured_image":false,"_monsterinsights_skip_tracking":false,"_monsterinsights_sitenote_active":false,"_monsterinsights_sitenote_note":"","_monsterinsights_sitenote_category":0,"_kadence_starter_templates_imported_post":false,"footnotes":""},"categories":[1],"tags":[],"_links":{"self":[{"href":"https:\/\/www.kliux.com\/en\/wp-json\/wp\/v2\/posts\/2873"}],"collection":[{"href":"https:\/\/www.kliux.com\/en\/wp-json\/wp\/v2\/posts"}],"about":[{"href":"https:\/\/www.kliux.com\/en\/wp-json\/wp\/v2\/types\/post"}],"author":[{"embeddable":true,"href":"https:\/\/www.kliux.com\/en\/wp-json\/wp\/v2\/users\/1"}],"replies":[{"embeddable":true,"href":"https:\/\/www.kliux.com\/en\/wp-json\/wp\/v2\/comments?post=2873"}],"version-history":[{"count":13,"href":"https:\/\/www.kliux.com\/en\/wp-json\/wp\/v2\/posts\/2873\/revisions"}],"predecessor-version":[{"id":2887,"href":"https:\/\/www.kliux.com\/en\/wp-json\/wp\/v2\/posts\/2873\/revisions\/2887"}],"wp:attachment":[{"href":"https:\/\/www.kliux.com\/en\/wp-json\/wp\/v2\/media?parent=2873"}],"wp:term":[{"taxonomy":"category","embeddable":true,"href":"https:\/\/www.kliux.com\/en\/wp-json\/wp\/v2\/categories?post=2873"},{"taxonomy":"post_tag","embeddable":true,"href":"https:\/\/www.kliux.com\/en\/wp-json\/wp\/v2\/tags?post=2873"}],"curies":[{"name":"wp","href":"https:\/\/api.w.org\/{rel}","templated":true}]}}