{"id":2118,"date":"2012-07-11T09:50:02","date_gmt":"2012-07-11T07:50:02","guid":{"rendered":"https:\/\/www.kliux.com\/?p=2118"},"modified":"2012-08-03T11:28:27","modified_gmt":"2012-08-03T09:28:27","slug":"kliux-energies-miembro-de-la-nueva-asociacion-de-empresas-de-energia-termias-rioja","status":"publish","type":"post","link":"https:\/\/www.kliux.com\/en\/2012\/07\/11\/kliux-energies-miembro-de-la-nueva-asociacion-de-empresas-de-energia-termias-rioja\/","title":{"rendered":"Kliux Energies, member of the new Association of Energy Termias Rioja."},"content":{"rendered":"<p><figure id=\"attachment_2120\" aria-describedby=\"caption-attachment-2120\" style=\"width: 300px\" class=\"wp-caption alignleft\"><a href=\"https:\/\/www.kliux.com\/wp-content\/uploads\/2012\/07\/termias_001.jpg\"><img loading=\"lazy\" decoding=\"async\" class=\"size-medium wp-image-2120  \" title=\"Association Termias Rioja\" src=\"https:\/\/www.kliux.com\/wp-content\/uploads\/2012\/07\/termias_001-300x200.jpg\" alt=\"Association Termias Rioja\" width=\"300\" height=\"200\" srcset=\"https:\/\/www.kliux.com\/wp-content\/uploads\/2012\/07\/termias_001-300x200.jpg 300w, https:\/\/www.kliux.com\/wp-content\/uploads\/2012\/07\/termias_001.jpg 400w\" sizes=\"(max-width: 300px) 100vw, 300px\" \/><\/a><figcaption id=\"caption-attachment-2120\" class=\"wp-caption-text\">Kliux Energies participates in the Association Termias Rioja as a company specializing in solutions for distributed power generation.<\/figcaption><\/figure><\/p>\n<p style=\"text-align: left;\">Integrated in the <strong>Rioja Business Federation (FER)<\/strong>, starts this new partnership with 20 companies that employs 400 workers. The association is composed of installation companies, energy services, applied technology manufacturers, energy distributors and marketers, and companies that manage energy resources in their activities, water, solar, geo-thermal, aero-thermal, biomass, wind, etc.<\/p>\n<p style=\"text-align: left;\"><strong>Kliux Energies<\/strong> participates in the <strong>Association Termias Rioja<\/strong> as a company specializing in solutions for distributed power generation. <strong>I\u00f1aki Eguiz\u00e1bal, president of Kliux Energies<\/strong>, attached very much value to this new Association in Rioja\u00b4s companies engaged in power generation to walk together toward a common goal, joining forces with an eye on the future of energy through renewable energy.<\/p>\n<p style=\"text-align: left;\">The renewable energy sector has become an industry with steady growth and strategic sector for the economy in the areas of efficiency, productivity, economy and social awareness to respect the environment.<\/p>\n<p style=\"text-align: left;\"><strong>Chema Cruz Marques<\/strong>, president of the association, explained in the presentation that the name of the association adopted the thermal unit as the unit of energy.\u00a0The organization aims to become a benchmark for society and the public administration with which this week begins contacts.<\/p>\n<p style=\"text-align: left;\"><strong>Termias Rioja<\/strong> aims to have 50 companies that employ about 2,000 workers in next 2 years.<\/p>\n<p style=\"text-align: left;\">Your <strong>new board<\/strong> is as follows:<\/p>\n<p style=\"text-align: left;\">Presidente: Chema Cruz Marqu\u00e9s &#8211; ICM<br \/>\nVicepresidente Primero: Pedro Alonso Ayala &#8211; Pedro Alonso Calefacciones, S.L.<br \/>\nVicepresidente Segundo: Rub\u00e9n Alc\u00e1zar Crespo &#8211; Imel<br \/>\nTesorero: Miguel \u00c1ngel Bilbao Montoya \u2013 ABF Corporaci\u00f3n<br \/>\nSecretaria: Est\u00edbaliz Ilarraza &#8211; FER<\/p>\n<p style=\"text-align: left;\"><strong>Members\/Vocals:<\/strong><\/p>\n<p style=\"text-align: left;\">Francisco Javier Cumplido Matesanz &#8211; Teinsa<br \/>\nEnrique P\u00e9rez Fraile &#8211; Instalaciones Enrique P\u00e9rez, S.L.<br \/>\nMiguel De Valenzuela L\u00f3pez &#8211; Aema<br \/>\nDiego Luezas L\u00e1zaro &#8211; Aresol<br \/>\nI\u00f1aki Eguiz\u00e1bal Garc\u00eda &#8211; Kliux Energies<br \/>\nJes\u00fas Ruiz de La Torre Fern\u00e1ndez &#8211; Ruiz de La Torre, S.L.<br \/>\nEnrique Mendi Gonzalo &#8211; Pimer<\/p>\n<p><\/p>","protected":false},"excerpt":{"rendered":"<p>Integrated in the Rioja Business Federation (FER), starts this new partnership with 20 companies that employs 400 workers. The association is composed of installation companies, energy services, applied technology manufacturers, energy distributors and marketers, and companies that manage energy resources in their activities, water, solar, geo-thermal, aero-thermal, biomass, wind, etc. Kliux Energies participates in the&#8230;<\/p>\n","protected":false},"author":1,"featured_media":0,"comment_status":"closed","ping_status":"closed","sticky":false,"template":"","format":"standard","meta":{"inline_featured_image":false,"_monsterinsights_skip_tracking":false,"_monsterinsights_sitenote_active":false,"_monsterinsights_sitenote_note":"","_monsterinsights_sitenote_category":0,"_kadence_starter_templates_imported_post":false,"footnotes":""},"categories":[5,31,33,30],"tags":[101,148,151,16,150,270,271,21,269,47,85,19,92,149],"_links":{"self":[{"href":"https:\/\/www.kliux.com\/en\/wp-json\/wp\/v2\/posts\/2118"}],"collection":[{"href":"https:\/\/www.kliux.com\/en\/wp-json\/wp\/v2\/posts"}],"about":[{"href":"https:\/\/www.kliux.com\/en\/wp-json\/wp\/v2\/types\/post"}],"author":[{"embeddable":true,"href":"https:\/\/www.kliux.com\/en\/wp-json\/wp\/v2\/users\/1"}],"replies":[{"embeddable":true,"href":"https:\/\/www.kliux.com\/en\/wp-json\/wp\/v2\/comments?post=2118"}],"version-history":[{"count":25,"href":"https:\/\/www.kliux.com\/en\/wp-json\/wp\/v2\/posts\/2118\/revisions"}],"predecessor-version":[{"id":2143,"href":"https:\/\/www.kliux.com\/en\/wp-json\/wp\/v2\/posts\/2118\/revisions\/2143"}],"wp:attachment":[{"href":"https:\/\/www.kliux.com\/en\/wp-json\/wp\/v2\/media?parent=2118"}],"wp:term":[{"taxonomy":"category","embeddable":true,"href":"https:\/\/www.kliux.com\/en\/wp-json\/wp\/v2\/categories?post=2118"},{"taxonomy":"post_tag","embeddable":true,"href":"https:\/\/www.kliux.com\/en\/wp-json\/wp\/v2\/tags?post=2118"}],"curies":[{"name":"wp","href":"https:\/\/api.w.org\/{rel}","templated":true}]}}